{"id":3435,"date":"2011-05-17T13:38:10","date_gmt":"2011-05-17T13:38:10","guid":{"rendered":"http:\/\/wordpress.autolexicon.net\/?p=3435"},"modified":"2020-11-20T11:42:51","modified_gmt":"2020-11-20T11:42:51","slug":"svetlomet-automobilu","status":"publish","type":"post","link":"https:\/\/www.autolexicon.net\/cs\/articles\/svetlomet-automobilu\/","title":{"rendered":"Sv\u011btlomet automobilu"},"content":{"rendered":"<p><\/p>\n<p style=\"text-align: justify;\"><span style=\"font-size: 10pt;\"><span style=\"font-family: verdana,geneva;\"> Sv\u011bteln\u00fdm zdrojem m\u016f\u017ee b\u00fdt klasick\u00e1 halogenov\u00e1 \u017e\u00e1rovka, <a href=\"http:\/\/www.autolexicon.net\/articles\/xenonove-svetlomety-vybojky\">xenonov\u00e1 v\u00fdbojka<\/a> \u010di LED dioda. \u00da\u010del sv\u011btlometu je v\u017edy stejn\u00fd \u2013 osv\u011btlen\u00ed vozovky. Sv\u011btlomety d\u011bl\u00edme podle typu vytvo\u0159en\u00e9ho sv\u011btla:<\/span><\/span><\/p>\n<p style=\"text-align: justify;\"><span style=\"font-size: 10pt;\"><span style=\"font-family: verdana,geneva;\"><strong><em>tlumen\u00e9 sv\u011btlo<\/em><\/strong> \u2013 u\u017e\u00edvan\u00e9 pro osv\u011btlen\u00ed vozovky p\u0159ed vozidlem, takov\u00e9 sv\u011btlo nesm\u00ed osl\u0148ovat ani jinak obt\u011b\u017eovat \u0159idi\u010de jedouc\u00ed v&nbsp;protism\u011bru \u010di p\u0159ed vozidlem<\/span><\/span><\/p>\n<p style=\"text-align: justify;\"><span style=\"font-size: 10pt;\"><span style=\"font-family: verdana,geneva;\"><strong><em>d\u00e1lkov\u00e9 sv\u011btlo<\/em><\/strong> \u2013 je sv\u011btlo u\u017e\u00edvan\u00e9 k osv\u011btlen\u00ed vozovky na velkou vzd\u00e1lenost<\/span><\/span><\/p>\n<p style=\"text-align: justify;\"><span style=\"font-size: 10pt;\"><span style=\"font-family: verdana,geneva;\"><strong><em>sv\u011btlomet do mlhy<\/em><\/strong> \u2013 vytv\u00e1\u0159\u00ed sv\u011btlo zlep\u0161uj\u00edc\u00ed osv\u011btlen\u00ed vozovky za mlhy, de\u0161t\u011b, sn\u011b\u017een\u00ed, ale i nap\u0159. v mra\u010dn\u00e9m prachu<\/span><\/span><\/p>\n<p style=\"text-align: justify;\"><span style=\"font-size: 10pt;\"><span style=\"font-family: verdana,geneva;\"><strong><em>zp\u011btn\u00fd sv\u011btlomet<\/em><\/strong> \u2013 p\u0159i couv\u00e1n\u00ed osv\u011btluje vozovku za vozidlem<\/span><\/span><\/p>\n<p style=\"text-align: center;\"><span style=\"font-size: 10pt;\"><span style=\"font-family: verdana,geneva;\"><a href=\"https:\/\/www.autolexicon.net\/obr_clanky\/cs_svetlomet_001-1.jpg\"><img loading=\"lazy\" decoding=\"async\" class=\"alignnone wp-image-9085 size-large\" title=\"sv\u011btlomet automobilu\" src=\"https:\/\/www.autolexicon.net\/obr_clanky\/cs_svetlomet_001-1-600x338.jpg\" alt=\"\" width=\"600\" height=\"338\" srcset=\"https:\/\/www.autolexicon.net\/obr_clanky\/cs_svetlomet_001-1-600x338.jpg 600w, https:\/\/www.autolexicon.net\/obr_clanky\/cs_svetlomet_001-1-250x141.jpg 250w, https:\/\/www.autolexicon.net\/obr_clanky\/cs_svetlomet_001-1-178x100.jpg 178w, https:\/\/www.autolexicon.net\/obr_clanky\/cs_svetlomet_001-1-768x432.jpg 768w, https:\/\/www.autolexicon.net\/obr_clanky\/cs_svetlomet_001-1-1536x864.jpg 1536w, https:\/\/www.autolexicon.net\/obr_clanky\/cs_svetlomet_001-1.jpg 1920w\" sizes=\"auto, (max-width: 600px) 100vw, 600px\" \/><\/a><\/span><\/span><\/p>\n<p style=\"text-align: justify;\"><span style=\"font-size: 10pt;\"><span style=\"font-family: verdana,geneva;\">Konstrukce a funk\u010dnost sv\u011btlometu podl\u00e9h\u00e1 p\u0159edpis\u016fm Evropsk\u00e9 hospod\u00e1\u0159sk\u00e9 komise (EHK). Tento p\u0159edpis d\u011bl\u00ed p\u0159\u00edslu\u0161enstv\u00ed automobil\u016f do t\u0159\u00ed skupin:<\/span><\/span><\/p>\n<p><span style=\"font-size: 10pt;\"><span style=\"font-family: verdana,geneva;\">&#x25aa; sou\u010d\u00e1sti <a href=\"http:\/\/www.autolexicon.net\/articles\/aktivni-bezpecnost\">aktivn\u00ed bezpe\u010dnosti<\/a><br \/>\n&#x25aa; sou\u010d\u00e1sti <a href=\"http:\/\/www.autolexicon.net\/articles\/pasivni-bezpecnost\">pasivn\u00ed bezpe\u010dnosti<\/a><br \/>\n&#x25aa; sou\u010d\u00e1sti pro ochranu \u017eivotn\u00edho prost\u0159ed\u00ed<\/span><\/span><\/p>\n<p style=\"text-align: justify;\"><span style=\"font-size: 10pt;\"><span style=\"font-family: verdana,geneva;\">V\u011bt\u0161ina p\u0159edpis\u016f EHK t\u00fdkaj\u00edc\u00edch se osv\u011btlen\u00ed automobilu pat\u0159\u00ed do skupiny sou\u010d\u00e1st\u00ed <a href=\"http:\/\/www.autolexicon.net\/articles\/aktivni-bezpecnost\">aktivn\u00ed bezpe\u010dnosti<\/a>. (EHK 7 \u2013 obrysov\u00e9, dopl\u0148kov\u00e9 obrysov\u00e9 a brzdov\u00e9 sv\u011btlo, EHK 8 \u2013 sv\u011btlomety s \u017e\u00e1rovkou jinou ne\u017e H4, EHK 19 \u2013 p\u0159edn\u00ed mlhov\u00e9 sv\u011btlomety, EHK 20 \u2013 sv\u011btlomety s \u017e\u00e1rovkou H4, EHK 38 \u2013 zadn\u00ed mlhovka, EHK 48 \u2013 jednotn\u00e1 ustanoven\u00ed pro homologaci vozidel z hlediska mont\u00e1\u017ee za\u0159\u00edzen\u00ed pro osv\u011btlen\u00ed a sv\u011btelnou signalizaci.)<\/span><\/span><\/p>\n<p>&nbsp;<\/p>\n<p><span style=\"font-size: 10pt;\"><strong><span style=\"font-family: verdana,geneva;\">Historie v\u00fdvoje sv\u011btlometu:<\/span><\/strong><span style=\"font-family: verdana,geneva;\"><br \/>\n1896: vyrobeny prvn\u00ed automobily vybaven\u00e9 acetylenov\u00fdmi nebo olejov\u00fdmi hlavn\u00edmi sv\u011btlomety, acetylenov\u00e9 lampy byly popul\u00e1rn\u011bj\u0161\u00ed, proto\u017ee jejich plamen l\u00e9pe odol\u00e1val de\u0161ti a v\u011btru<\/span><span style=\"font-family: verdana,geneva;\"><br \/>\n1898: prvn\u00ed elektrick\u00fd sv\u011btlomet v&nbsp;automobilu p\u0159edstavila firma Columbia Automobile Company, v&nbsp;t\u00e9 dob\u011b v\u0161ak byly acetylenov\u00e9 a olejov\u00e9 lampy pova\u017eov\u00e1ny za lep\u0161\u00ed<br \/>\n1913: firma BOSCH uv\u00e1d\u00ed na trh prvn\u00ed \u00fasp\u011b\u0161n\u00fd elektrick\u00fd sv\u011btlomet<br \/>\n1924: objeven Bilux, Bilux byla prvn\u00ed \u017e\u00e1rovka umo\u017e\u0148uj\u00edc\u00ed klopen\u00e9 a d\u00e1lkov\u00e9 sv\u011btlo<br \/>\n1962: evrop\u0161t\u00ed v\u00fdrobci sv\u011btlomet\u016f p\u0159edstavuj\u00ed halogenovou \u017e\u00e1rovku pro osobn\u00ed automobily<br \/>\n1991: automobilka BMW p\u0159edstavuje prvn\u00ed <a href=\"http:\/\/www.autolexicon.net\/articles\/xenonove-svetlomety-vybojky\">xenonov\u00e9 sv\u011btlomety<\/a>, zat\u00edm pouze s&nbsp;jednoduchou v\u00fdbojkou<br \/>\n1999: <a href=\"http:\/\/www.autolexicon.net\/articles\/bi-xenonove-svetlomety-vybojky\">bi-xenonov\u00e9 sv\u011btlomety<\/a>, tedy klopen\u00e1 i d\u00e1lkov\u00e1 sv\u011btla obstar\u00e1v\u00e1 xenonov\u00e1 v\u00fdbojka<br \/>\n2007: p\u0159edstaven hlavn\u00ed sv\u011btlomet kompletn\u011b tvo\u0159en\u00fd LED diodami<\/span><\/span><\/p>\n<p><span style=\"font-size: 10pt;\"><span style=\"font-family: verdana,geneva;\"><strong><br \/>\nFoto:<\/strong> www.audi.com<strong><br \/>\nKl\u00ed\u010dov\u00e1 slova:<\/strong> sv\u011btlomet, EHK, druhy, p\u0159edpisy, historie, prvn\u00ed sv\u011btlomet<\/span><\/span><\/p>","protected":false},"excerpt":{"rendered":"<p>Sv\u011btlomet je definov\u00e1n jako za\u0159\u00edzen\u00ed prim\u00e1rn\u011b konstruovan\u00e9 k osv\u011btlen\u00ed vozovky.<\/p>\n","protected":false},"author":1,"featured_media":3355,"comment_status":"closed","ping_status":"open","sticky":false,"template":"","format":"standard","meta":{"colormag_page_container_layout":"default_layout","colormag_page_sidebar_layout":"default_layout","rop_custom_images_group":[],"rop_custom_messages_group":[],"rop_publish_now":"initial","rop_publish_now_accounts":{"facebook_10217573569066608_119527941460186":"","twitter_308591058_308591058":""},"rop_publish_now_history":[],"rop_publish_now_status":"pending","ngg_post_thumbnail":0,"two_page_speed":[],"footnotes":""},"categories":[1,50,678,29,4],"tags":[950,951,952,953,284,102],"class_list":["post-3435","post","type-post","status-publish","format-standard","has-post-thumbnail","hentry","category-nezarazene","category-elektrotechnika","category-pojmy","category-zkratky-a-pojmy","category-casti-automobilu","tag-ehk","tag-druhy","tag-historie","tag-prvni-svetlomet","tag-predpisy","tag-svetlomet"],"yoast_head":"<!-- This site is optimized with the Yoast SEO plugin v27.4 - https:\/\/yoast.com\/product\/yoast-seo-wordpress\/ -->\n<title>Sv\u011btlomet automobilu - autolexicon.net<\/title>\n<meta name=\"robots\" content=\"index, follow, max-snippet:-1, max-image-preview:large, max-video-preview:-1\" \/>\n<link rel=\"canonical\" href=\"https:\/\/www.autolexicon.net\/cs\/articles\/svetlomet-automobilu\/\" \/>\n<meta property=\"og:locale\" content=\"cs_CZ\" \/>\n<meta property=\"og:type\" content=\"article\" \/>\n<meta property=\"og:title\" content=\"Sv\u011btlomet automobilu - autolexicon.net\" \/>\n<meta property=\"og:description\" content=\"Sv\u011btlomet je definov\u00e1n jako za\u0159\u00edzen\u00ed prim\u00e1rn\u011b konstruovan\u00e9 k osv\u011btlen\u00ed vozovky.\" \/>\n<meta property=\"og:url\" content=\"https:\/\/www.autolexicon.net\/cs\/articles\/svetlomet-automobilu\/\" \/>\n<meta property=\"og:site_name\" content=\"autolexicon.net\" \/>\n<meta property=\"article:publisher\" content=\"https:\/\/www.facebook.com\/autolexicon.net\" \/>\n<meta property=\"article:published_time\" content=\"2011-05-17T13:38:10+00:00\" \/>\n<meta property=\"article:modified_time\" content=\"2020-11-20T11:42:51+00:00\" \/>\n<meta property=\"og:image\" content=\"https:\/\/www.autolexicon.net\/obr_clanky\/cs_svetlomet_0011.jpg\" \/>\n\t<meta property=\"og:image:width\" content=\"1135\" \/>\n\t<meta property=\"og:image:height\" content=\"569\" \/>\n\t<meta property=\"og:image:type\" content=\"image\/jpeg\" \/>\n<meta name=\"author\" content=\"Ing. Jan Sajdl, Ph.D.\" \/>\n<meta name=\"twitter:card\" content=\"summary_large_image\" \/>\n<meta name=\"twitter:creator\" content=\"@autolexiconnet\" \/>\n<meta name=\"twitter:site\" content=\"@autolexiconnet\" \/>\n<meta name=\"twitter:label1\" content=\"Napsal(a)\" \/>\n\t<meta name=\"twitter:data1\" content=\"Ing. Jan Sajdl, Ph.D.\" \/>\n\t<meta name=\"twitter:label2\" content=\"Odhadovan\u00e1 doba \u010dten\u00ed\" \/>\n\t<meta name=\"twitter:data2\" content=\"2 minuty\" \/>\n<script type=\"application\/ld+json\" class=\"yoast-schema-graph\">{\"@context\":\"https:\\\/\\\/schema.org\",\"@graph\":[{\"@type\":\"Article\",\"@id\":\"https:\\\/\\\/www.autolexicon.net\\\/articles\\\/svetlomet-automobilu\\\/#article\",\"isPartOf\":{\"@id\":\"https:\\\/\\\/www.autolexicon.net\\\/articles\\\/svetlomet-automobilu\\\/\"},\"author\":{\"name\":\"Ing. Jan Sajdl, Ph.D.\",\"@id\":\"https:\\\/\\\/www.autolexicon.net\\\/de\\\/#\\\/schema\\\/person\\\/feba94e934e2110b3fa58a851f9bf0e5\"},\"headline\":\"Sv\u011btlomet automobilu\",\"datePublished\":\"2011-05-17T13:38:10+00:00\",\"dateModified\":\"2020-11-20T11:42:51+00:00\",\"mainEntityOfPage\":{\"@id\":\"https:\\\/\\\/www.autolexicon.net\\\/articles\\\/svetlomet-automobilu\\\/\"},\"wordCount\":424,\"publisher\":{\"@id\":\"https:\\\/\\\/www.autolexicon.net\\\/de\\\/#organization\"},\"image\":{\"@id\":\"https:\\\/\\\/www.autolexicon.net\\\/articles\\\/svetlomet-automobilu\\\/#primaryimage\"},\"thumbnailUrl\":\"https:\\\/\\\/www.autolexicon.net\\\/obr_clanky\\\/cs_svetlomet_0011.jpg\",\"keywords\":[\"EHK\",\"druhy\",\"historie\",\"prvn\u00ed sv\u011btlomet\",\"p\u0159edpisy\",\"sv\u011btlomet\"],\"articleSection\":[\"=== V\u0161e ===\",\"Elektrotechnika\",\"Pojmy\",\"Zkratky a pojmy\",\"\u010c\u00e1sti automobilu\"],\"inLanguage\":\"cs\"},{\"@type\":\"WebPage\",\"@id\":\"https:\\\/\\\/www.autolexicon.net\\\/cs\\\/articles\\\/svetlomet-automobilu\\\/\",\"url\":\"https:\\\/\\\/www.autolexicon.net\\\/cs\\\/articles\\\/svetlomet-automobilu\\\/\",\"name\":\"Sv\u011btlomet automobilu - autolexicon.net\",\"isPartOf\":{\"@id\":\"https:\\\/\\\/www.autolexicon.net\\\/cs\\\/#website\"},\"primaryImageOfPage\":{\"@id\":\"https:\\\/\\\/www.autolexicon.net\\\/cs\\\/articles\\\/svetlomet-automobilu\\\/#primaryimage\"},\"image\":{\"@id\":\"https:\\\/\\\/www.autolexicon.net\\\/articles\\\/svetlomet-automobilu\\\/#primaryimage\"},\"thumbnailUrl\":\"https:\\\/\\\/www.autolexicon.net\\\/obr_clanky\\\/cs_svetlomet_0011.jpg\",\"datePublished\":\"2011-05-17T13:38:10+00:00\",\"dateModified\":\"2020-11-20T11:42:51+00:00\",\"breadcrumb\":{\"@id\":\"https:\\\/\\\/www.autolexicon.net\\\/cs\\\/articles\\\/svetlomet-automobilu\\\/#breadcrumb\"},\"inLanguage\":\"cs\",\"potentialAction\":[{\"@type\":\"ReadAction\",\"target\":[[\"https:\\\/\\\/www.autolexicon.net\\\/cs\\\/articles\\\/svetlomet-automobilu\\\/\"]]}]},{\"@type\":\"ImageObject\",\"inLanguage\":\"cs\",\"@id\":\"https:\\\/\\\/www.autolexicon.net\\\/cs\\\/articles\\\/svetlomet-automobilu\\\/#primaryimage\",\"url\":\"https:\\\/\\\/www.autolexicon.net\\\/obr_clanky\\\/cs_svetlomet_0011.jpg\",\"contentUrl\":\"https:\\\/\\\/www.autolexicon.net\\\/obr_clanky\\\/cs_svetlomet_0011.jpg\",\"width\":\"1135\",\"height\":\"569\"},{\"@type\":\"BreadcrumbList\",\"@id\":\"https:\\\/\\\/www.autolexicon.net\\\/cs\\\/articles\\\/svetlomet-automobilu\\\/#breadcrumb\",\"itemListElement\":[{\"@type\":\"ListItem\",\"position\":1,\"name\":\"Dom\u016f\",\"item\":\"https:\\\/\\\/www.autolexicon.net\\\/cs\\\/\"},{\"@type\":\"ListItem\",\"position\":2,\"name\":\"Sv\u011btlomet automobilu\"}]},{\"@type\":\"WebSite\",\"@id\":\"https:\\\/\\\/www.autolexicon.net\\\/cs\\\/#website\",\"url\":\"https:\\\/\\\/www.autolexicon.net\\\/cs\\\/\",\"name\":\"autolexicon.net\",\"description\":\"...  s nami uvid\u00edte pod kapotu\",\"publisher\":{\"@id\":\"https:\\\/\\\/www.autolexicon.net\\\/cs\\\/#organization\"},\"potentialAction\":[{\"@type\":\"SearchAction\",\"target\":{\"@type\":\"EntryPoint\",\"urlTemplate\":\"https:\\\/\\\/www.autolexicon.net\\\/cs\\\/?s={search_term_string}\"},\"query-input\":{\"@type\":\"PropertyValueSpecification\",\"valueRequired\":true,\"valueName\":\"search_term_string\"}}],\"inLanguage\":\"cs\"},{\"@type\":\"Organization\",\"@id\":\"https:\\\/\\\/www.autolexicon.net\\\/cs\\\/#organization\",\"name\":\"autolexicon.net\",\"url\":\"https:\\\/\\\/www.autolexicon.net\\\/cs\\\/\",\"logo\":{\"@type\":\"ImageObject\",\"inLanguage\":\"cs\",\"@id\":\"https:\\\/\\\/www.autolexicon.net\\\/cs\\\/#\\\/schema\\\/logo\\\/image\\\/\",\"url\":\"https:\\\/\\\/www.autolexicon.net\\\/obr_clanky\\\/2024_logo___330x90px-2.png\",\"contentUrl\":\"https:\\\/\\\/www.autolexicon.net\\\/obr_clanky\\\/2024_logo___330x90px-2.png\",\"width\":328,\"height\":90,\"caption\":\"autolexicon.net\"},\"image\":{\"@id\":\"https:\\\/\\\/www.autolexicon.net\\\/cs\\\/#\\\/schema\\\/logo\\\/image\\\/\"},\"sameAs\":[\"https:\\\/\\\/www.facebook.com\\\/autolexicon.net\",\"https:\\\/\\\/x.com\\\/autolexiconnet\"]},{\"@type\":\"Person\",\"@id\":\"https:\\\/\\\/www.autolexicon.net\\\/de\\\/#\\\/schema\\\/person\\\/feba94e934e2110b3fa58a851f9bf0e5\",\"name\":\"Ing. Jan Sajdl, Ph.D.\",\"image\":{\"@type\":\"ImageObject\",\"inLanguage\":\"cs\",\"@id\":\"https:\\\/\\\/secure.gravatar.com\\\/avatar\\\/70f1c2597d36a3d134d5e6f00bf72449593f8da593deacce372fe943f7708d0b?s=96&d=mm&r=g\",\"url\":\"https:\\\/\\\/secure.gravatar.com\\\/avatar\\\/70f1c2597d36a3d134d5e6f00bf72449593f8da593deacce372fe943f7708d0b?s=96&d=mm&r=g\",\"contentUrl\":\"https:\\\/\\\/secure.gravatar.com\\\/avatar\\\/70f1c2597d36a3d134d5e6f00bf72449593f8da593deacce372fe943f7708d0b?s=96&d=mm&r=g\",\"caption\":\"Ing. Jan Sajdl, Ph.D.\"},\"url\":\"https:\\\/\\\/www.autolexicon.net\\\/cs\\\/articles\\\/author\\\/rebel\\\/\"}]}<\/script>\n<!-- \/ Yoast SEO plugin. -->","yoast_head_json":{"title":"Sv\u011btlomet automobilu - autolexicon.net","robots":{"index":"index","follow":"follow","max-snippet":"max-snippet:-1","max-image-preview":"max-image-preview:large","max-video-preview":"max-video-preview:-1"},"canonical":"https:\/\/www.autolexicon.net\/cs\/articles\/svetlomet-automobilu\/","og_locale":"cs_CZ","og_type":"article","og_title":"Sv\u011btlomet automobilu - autolexicon.net","og_description":"Sv\u011btlomet je definov\u00e1n jako za\u0159\u00edzen\u00ed prim\u00e1rn\u011b konstruovan\u00e9 k osv\u011btlen\u00ed vozovky.","og_url":"https:\/\/www.autolexicon.net\/cs\/articles\/svetlomet-automobilu\/","og_site_name":"autolexicon.net","article_publisher":"https:\/\/www.facebook.com\/autolexicon.net","article_published_time":"2011-05-17T13:38:10+00:00","article_modified_time":"2020-11-20T11:42:51+00:00","og_image":[{"width":1135,"height":569,"url":"https:\/\/www.autolexicon.net\/obr_clanky\/cs_svetlomet_0011.jpg","type":"image\/jpeg"}],"author":"Ing. Jan Sajdl, Ph.D.","twitter_card":"summary_large_image","twitter_creator":"@autolexiconnet","twitter_site":"@autolexiconnet","twitter_misc":{"Napsal(a)":"Ing. Jan Sajdl, Ph.D.","Odhadovan\u00e1 doba \u010dten\u00ed":"2 minuty"},"schema":{"@context":"https:\/\/schema.org","@graph":[{"@type":"Article","@id":"https:\/\/www.autolexicon.net\/articles\/svetlomet-automobilu\/#article","isPartOf":{"@id":"https:\/\/www.autolexicon.net\/articles\/svetlomet-automobilu\/"},"author":{"name":"Ing. Jan Sajdl, Ph.D.","@id":"https:\/\/www.autolexicon.net\/de\/#\/schema\/person\/feba94e934e2110b3fa58a851f9bf0e5"},"headline":"Sv\u011btlomet automobilu","datePublished":"2011-05-17T13:38:10+00:00","dateModified":"2020-11-20T11:42:51+00:00","mainEntityOfPage":{"@id":"https:\/\/www.autolexicon.net\/articles\/svetlomet-automobilu\/"},"wordCount":424,"publisher":{"@id":"https:\/\/www.autolexicon.net\/de\/#organization"},"image":{"@id":"https:\/\/www.autolexicon.net\/articles\/svetlomet-automobilu\/#primaryimage"},"thumbnailUrl":"https:\/\/www.autolexicon.net\/obr_clanky\/cs_svetlomet_0011.jpg","keywords":["EHK","druhy","historie","prvn\u00ed sv\u011btlomet","p\u0159edpisy","sv\u011btlomet"],"articleSection":["=== V\u0161e ===","Elektrotechnika","Pojmy","Zkratky a pojmy","\u010c\u00e1sti automobilu"],"inLanguage":"cs"},{"@type":"WebPage","@id":"https:\/\/www.autolexicon.net\/cs\/articles\/svetlomet-automobilu\/","url":"https:\/\/www.autolexicon.net\/cs\/articles\/svetlomet-automobilu\/","name":"Sv\u011btlomet automobilu - autolexicon.net","isPartOf":{"@id":"https:\/\/www.autolexicon.net\/cs\/#website"},"primaryImageOfPage":{"@id":"https:\/\/www.autolexicon.net\/cs\/articles\/svetlomet-automobilu\/#primaryimage"},"image":{"@id":"https:\/\/www.autolexicon.net\/articles\/svetlomet-automobilu\/#primaryimage"},"thumbnailUrl":"https:\/\/www.autolexicon.net\/obr_clanky\/cs_svetlomet_0011.jpg","datePublished":"2011-05-17T13:38:10+00:00","dateModified":"2020-11-20T11:42:51+00:00","breadcrumb":{"@id":"https:\/\/www.autolexicon.net\/cs\/articles\/svetlomet-automobilu\/#breadcrumb"},"inLanguage":"cs","potentialAction":[{"@type":"ReadAction","target":[["https:\/\/www.autolexicon.net\/cs\/articles\/svetlomet-automobilu\/"]]}]},{"@type":"ImageObject","inLanguage":"cs","@id":"https:\/\/www.autolexicon.net\/cs\/articles\/svetlomet-automobilu\/#primaryimage","url":"https:\/\/www.autolexicon.net\/obr_clanky\/cs_svetlomet_0011.jpg","contentUrl":"https:\/\/www.autolexicon.net\/obr_clanky\/cs_svetlomet_0011.jpg","width":"1135","height":"569"},{"@type":"BreadcrumbList","@id":"https:\/\/www.autolexicon.net\/cs\/articles\/svetlomet-automobilu\/#breadcrumb","itemListElement":[{"@type":"ListItem","position":1,"name":"Dom\u016f","item":"https:\/\/www.autolexicon.net\/cs\/"},{"@type":"ListItem","position":2,"name":"Sv\u011btlomet automobilu"}]},{"@type":"WebSite","@id":"https:\/\/www.autolexicon.net\/cs\/#website","url":"https:\/\/www.autolexicon.net\/cs\/","name":"autolexicon.net","description":"...  s nami uvid\u00edte pod kapotu","publisher":{"@id":"https:\/\/www.autolexicon.net\/cs\/#organization"},"potentialAction":[{"@type":"SearchAction","target":{"@type":"EntryPoint","urlTemplate":"https:\/\/www.autolexicon.net\/cs\/?s={search_term_string}"},"query-input":{"@type":"PropertyValueSpecification","valueRequired":true,"valueName":"search_term_string"}}],"inLanguage":"cs"},{"@type":"Organization","@id":"https:\/\/www.autolexicon.net\/cs\/#organization","name":"autolexicon.net","url":"https:\/\/www.autolexicon.net\/cs\/","logo":{"@type":"ImageObject","inLanguage":"cs","@id":"https:\/\/www.autolexicon.net\/cs\/#\/schema\/logo\/image\/","url":"https:\/\/www.autolexicon.net\/obr_clanky\/2024_logo___330x90px-2.png","contentUrl":"https:\/\/www.autolexicon.net\/obr_clanky\/2024_logo___330x90px-2.png","width":328,"height":90,"caption":"autolexicon.net"},"image":{"@id":"https:\/\/www.autolexicon.net\/cs\/#\/schema\/logo\/image\/"},"sameAs":["https:\/\/www.facebook.com\/autolexicon.net","https:\/\/x.com\/autolexiconnet"]},{"@type":"Person","@id":"https:\/\/www.autolexicon.net\/de\/#\/schema\/person\/feba94e934e2110b3fa58a851f9bf0e5","name":"Ing. Jan Sajdl, Ph.D.","image":{"@type":"ImageObject","inLanguage":"cs","@id":"https:\/\/secure.gravatar.com\/avatar\/70f1c2597d36a3d134d5e6f00bf72449593f8da593deacce372fe943f7708d0b?s=96&d=mm&r=g","url":"https:\/\/secure.gravatar.com\/avatar\/70f1c2597d36a3d134d5e6f00bf72449593f8da593deacce372fe943f7708d0b?s=96&d=mm&r=g","contentUrl":"https:\/\/secure.gravatar.com\/avatar\/70f1c2597d36a3d134d5e6f00bf72449593f8da593deacce372fe943f7708d0b?s=96&d=mm&r=g","caption":"Ing. Jan Sajdl, Ph.D."},"url":"https:\/\/www.autolexicon.net\/cs\/articles\/author\/rebel\/"}]}},"_links":{"self":[{"href":"https:\/\/www.autolexicon.net\/cs\/wp-json\/wp\/v2\/posts\/3435","targetHints":{"allow":["GET"]}}],"collection":[{"href":"https:\/\/www.autolexicon.net\/cs\/wp-json\/wp\/v2\/posts"}],"about":[{"href":"https:\/\/www.autolexicon.net\/cs\/wp-json\/wp\/v2\/types\/post"}],"author":[{"embeddable":true,"href":"https:\/\/www.autolexicon.net\/cs\/wp-json\/wp\/v2\/users\/1"}],"replies":[{"embeddable":true,"href":"https:\/\/www.autolexicon.net\/cs\/wp-json\/wp\/v2\/comments?post=3435"}],"version-history":[{"count":0,"href":"https:\/\/www.autolexicon.net\/cs\/wp-json\/wp\/v2\/posts\/3435\/revisions"}],"wp:featuredmedia":[{"embeddable":true,"href":"https:\/\/www.autolexicon.net\/cs\/wp-json\/wp\/v2\/media\/3355"}],"wp:attachment":[{"href":"https:\/\/www.autolexicon.net\/cs\/wp-json\/wp\/v2\/media?parent=3435"}],"wp:term":[{"taxonomy":"category","embeddable":true,"href":"https:\/\/www.autolexicon.net\/cs\/wp-json\/wp\/v2\/categories?post=3435"},{"taxonomy":"post_tag","embeddable":true,"href":"https:\/\/www.autolexicon.net\/cs\/wp-json\/wp\/v2\/tags?post=3435"}],"curies":[{"name":"wp","href":"https:\/\/api.w.org\/{rel}","templated":true}]}}