{"id":6465,"date":"2016-03-08T00:39:15","date_gmt":"2016-03-08T00:39:15","guid":{"rendered":"http:\/\/www.autolexicon.net\/?p=6465"},"modified":"2025-04-25T08:52:58","modified_gmt":"2025-04-25T08:52:58","slug":"gte-gran-turismo-electric","status":"publish","type":"post","link":"https:\/\/www.autolexicon.net\/sk\/articles\/gte-gran-turismo-electric\/","title":{"rendered":"GTE (Gran Turismo Electric)"},"content":{"rendered":"<p><\/p>\n<p style=\"text-align: justify;\"><span style=\"font-family: verdana,geneva,sans-serif; font-size: 10pt;\"><span id=\"result_box\" class=\"\" lang=\"sk\"><span title=\"Automobilka Volkswagen p\u0159edstavila v roce 2014 sportovn\u00ed hybridn\u00ed Golf GTE.\">Automobilka Volkswagen predstavila v roku 2014 <strong>\u0161portov\u00e9 <a href=\"http:\/\/www.autolexicon.net\/articles\/hybridni-pohon\/\">hybridn\u00fd<\/a> Golf GTE<\/strong>. <\/span><span title=\"Jeho ozna\u010den\u00ed navazuje na sv\u00e9 sportovn\u011b lad\u011bn\u00e9 sourozence, benz\u00ednov\u00e9 GTI a naftov\u00e9 GTD. \">Jeho ozna\u010denie nadv\u00e4zuje na svoje \u0161portovo laden\u00e9 s\u00farodencov, benz\u00ednov\u00e9 <span style=\"font-family: verdana,geneva,sans-serif; font-size: 10pt;\"><a href=\"http:\/\/www.autolexicon.net\/articles\/gti-gran-turismo-injection\/\">GTI<\/a><\/span> a naftov\u00e9 <a href=\"http:\/\/www.autolexicon.net\/articles\/gtd-gran-turismo-diesel\/\">GTD<\/a>.<\/span><\/span><\/span><\/p>\n<p style=\"text-align: center;\"><a href=\"http:\/\/www.autolexicon.net\/obr_clanky\/cs_gte_002.jpg\"><img loading=\"lazy\" decoding=\"async\" class=\"alignnone wp-image-6466\" title=\"VW Passat GTE\" src=\"http:\/\/www.autolexicon.net\/obr_clanky\/cs_gte_002-133x100.jpg\" alt=\"VW Passat GTE\" width=\"253\" height=\"190\" srcset=\"https:\/\/www.autolexicon.net\/obr_clanky\/cs_gte_002-133x100.jpg 133w, https:\/\/www.autolexicon.net\/obr_clanky\/cs_gte_002-250x188.jpg 250w, https:\/\/www.autolexicon.net\/obr_clanky\/cs_gte_002-768x576.jpg 768w, https:\/\/www.autolexicon.net\/obr_clanky\/cs_gte_002-600x450.jpg 600w, https:\/\/www.autolexicon.net\/obr_clanky\/cs_gte_002.jpg 1440w\" sizes=\"auto, (max-width: 253px) 100vw, 253px\" \/><\/a>&nbsp;&nbsp; <a href=\"http:\/\/www.autolexicon.net\/obr_clanky\/cs_gte_003.jpg\"><img loading=\"lazy\" decoding=\"async\" class=\"wp-image-6473 alignnone\" title=\"VW Passat GTE\" src=\"http:\/\/www.autolexicon.net\/obr_clanky\/cs_gte_003-250x160.jpg\" alt=\"VW Passat GTE\" width=\"298\" height=\"190\" srcset=\"https:\/\/www.autolexicon.net\/obr_clanky\/cs_gte_003-250x160.jpg 250w, https:\/\/www.autolexicon.net\/obr_clanky\/cs_gte_003-157x100.jpg 157w, https:\/\/www.autolexicon.net\/obr_clanky\/cs_gte_003-768x490.jpg 768w, https:\/\/www.autolexicon.net\/obr_clanky\/cs_gte_003-600x383.jpg 600w, https:\/\/www.autolexicon.net\/obr_clanky\/cs_gte_003.jpg 1440w\" sizes=\"auto, (max-width: 298px) 100vw, 298px\" \/><\/a><\/p>\n<p style=\"text-align: justify;\"><span style=\"font-family: verdana,geneva,sans-serif; font-size: 10pt;\"><span id=\"result_box\" class=\"\" lang=\"sk\" tabindex=\"-1\"><span title=\"Nov\u00fd VW Golf GTE se m\u00e1 st\u00e1t pr\u016fkopn\u00edkem t\u0159\u00eddy kompaktn\u00edch hot-hatch\u016f a z\u00e1rove\u0148 nab\u00eddnout sportovn\u00edho ducha podobn\u011b jako jeho spalovac\u00ed sourozenci Golfy GTI a GTD.\">Nov\u00fd VW Golf GTE sa m\u00e1 sta\u0165 priekopn\u00edkom triedy kompaktn\u00fdch hot-hatch a z\u00e1rove\u0148 pon\u00faknu\u0165 \u0161portov\u00e9ho ducha podobne ako jeho <strong>spa\u013eovac\u00ed s\u00farodenci Golf <a href=\"http:\/\/www.autolexicon.net\/articles\/gti-gran-turismo-injection\/\">GTI<\/a> a <a href=\"http:\/\/www.autolexicon.net\/articles\/gtd-gran-turismo-diesel\/\">GTD<\/a><\/strong>. <\/span><span title=\"Automobilka Volkswagen po\u010d\u00edt\u00e1 s roz\u0161\u00ed\u0159en\u00edm nab\u00eddky sportovn\u011b lad\u011bn\u00fdch hybridn\u00edch automobil\u016f, dal\u0161\u00edm modelem lad\u011bn\u00fdm v tomto duchu bude VW Passat GTE. \">Automobilka Volkswagen po\u010d\u00edta s roz\u0161\u00edren\u00edm ponuky \u0161portovo laden\u00fdch hybridn\u00fdch automobilov, \u010fal\u0161\u00edm modelom laden\u00fdm v tomto duchu bude <strong>VW Passat GTE<\/strong>.<\/span><\/span><\/span><\/p>\n<p style=\"text-align: center;\"><a href=\"http:\/\/www.autolexicon.net\/obr_clanky\/cs_gte_009.jpg\"><img loading=\"lazy\" decoding=\"async\" class=\"alignnone wp-image-6467 size-large\" title=\"VW Passat GTE\" src=\"http:\/\/www.autolexicon.net\/obr_clanky\/cs_gte_009-600x338.jpg\" alt=\"VW Passat GTE\" width=\"600\" height=\"338\" srcset=\"https:\/\/www.autolexicon.net\/obr_clanky\/cs_gte_009-600x338.jpg 600w, https:\/\/www.autolexicon.net\/obr_clanky\/cs_gte_009-178x100.jpg 178w, https:\/\/www.autolexicon.net\/obr_clanky\/cs_gte_009-250x141.jpg 250w, https:\/\/www.autolexicon.net\/obr_clanky\/cs_gte_009-768x433.jpg 768w, https:\/\/www.autolexicon.net\/obr_clanky\/cs_gte_009.jpg 1440w\" sizes=\"auto, (max-width: 600px) 100vw, 600px\" \/><\/a><\/p>\n<p style=\"text-align: center;\"><a href=\"http:\/\/www.autolexicon.net\/obr_clanky\/cs_gte_001.jpg\"><img loading=\"lazy\" decoding=\"async\" class=\"alignnone wp-image-6474 size-thumbnail\" title=\"VW Passat GTE\" src=\"http:\/\/www.autolexicon.net\/obr_clanky\/cs_gte_001-163x100.jpg\" alt=\"VW Passat GTE\" width=\"163\" height=\"100\" srcset=\"https:\/\/www.autolexicon.net\/obr_clanky\/cs_gte_001-163x100.jpg 163w, https:\/\/www.autolexicon.net\/obr_clanky\/cs_gte_001-250x154.jpg 250w, https:\/\/www.autolexicon.net\/obr_clanky\/cs_gte_001-768x472.jpg 768w, https:\/\/www.autolexicon.net\/obr_clanky\/cs_gte_001-600x369.jpg 600w, https:\/\/www.autolexicon.net\/obr_clanky\/cs_gte_001.jpg 1440w\" sizes=\"auto, (max-width: 163px) 100vw, 163px\" \/><\/a> &nbsp; <a href=\"http:\/\/www.autolexicon.net\/obr_clanky\/cs_gte_004.jpg\"><img loading=\"lazy\" decoding=\"async\" class=\"alignnone wp-image-6472 size-thumbnail\" title=\"VW Passat GTE\" src=\"http:\/\/www.autolexicon.net\/obr_clanky\/cs_gte_004-163x100.jpg\" alt=\"VW Passat GTE\" width=\"163\" height=\"100\" srcset=\"https:\/\/www.autolexicon.net\/obr_clanky\/cs_gte_004-163x100.jpg 163w, https:\/\/www.autolexicon.net\/obr_clanky\/cs_gte_004-250x153.jpg 250w, https:\/\/www.autolexicon.net\/obr_clanky\/cs_gte_004-768x471.jpg 768w, https:\/\/www.autolexicon.net\/obr_clanky\/cs_gte_004-600x368.jpg 600w, https:\/\/www.autolexicon.net\/obr_clanky\/cs_gte_004.jpg 1440w\" sizes=\"auto, (max-width: 163px) 100vw, 163px\" \/><\/a> &nbsp; <a href=\"http:\/\/www.autolexicon.net\/obr_clanky\/cs_gte_005.jpg\"><img loading=\"lazy\" decoding=\"async\" class=\"alignnone wp-image-6471 size-thumbnail\" title=\"VW Passat GTE\" src=\"http:\/\/www.autolexicon.net\/obr_clanky\/cs_gte_005-202x100.jpg\" alt=\"VW Passat GTE\" width=\"202\" height=\"100\" srcset=\"https:\/\/www.autolexicon.net\/obr_clanky\/cs_gte_005-202x100.jpg 202w, https:\/\/www.autolexicon.net\/obr_clanky\/cs_gte_005-250x124.jpg 250w, https:\/\/www.autolexicon.net\/obr_clanky\/cs_gte_005-768x381.jpg 768w, https:\/\/www.autolexicon.net\/obr_clanky\/cs_gte_005-600x298.jpg 600w, https:\/\/www.autolexicon.net\/obr_clanky\/cs_gte_005.jpg 1440w\" sizes=\"auto, (max-width: 202px) 100vw, 202px\" \/><\/a>&nbsp;&nbsp; <a href=\"http:\/\/www.autolexicon.net\/obr_clanky\/cs_gte_006.jpg\"><img loading=\"lazy\" decoding=\"async\" class=\"alignnone wp-image-6470 size-thumbnail\" title=\"VW Passat GTE\" src=\"http:\/\/www.autolexicon.net\/obr_clanky\/cs_gte_006-163x100.jpg\" alt=\"VW Passat GTE\" width=\"163\" height=\"100\" srcset=\"https:\/\/www.autolexicon.net\/obr_clanky\/cs_gte_006-163x100.jpg 163w, https:\/\/www.autolexicon.net\/obr_clanky\/cs_gte_006-250x153.jpg 250w, https:\/\/www.autolexicon.net\/obr_clanky\/cs_gte_006-768x471.jpg 768w, https:\/\/www.autolexicon.net\/obr_clanky\/cs_gte_006-600x368.jpg 600w, https:\/\/www.autolexicon.net\/obr_clanky\/cs_gte_006.jpg 1440w\" sizes=\"auto, (max-width: 163px) 100vw, 163px\" \/><\/a>&nbsp;&nbsp; <a href=\"http:\/\/www.autolexicon.net\/obr_clanky\/cs_gte_007.jpg\"><img loading=\"lazy\" decoding=\"async\" class=\"alignnone wp-image-6469 size-thumbnail\" title=\"VW Passat GTE\" src=\"http:\/\/www.autolexicon.net\/obr_clanky\/cs_gte_007-168x100.jpg\" alt=\"VW Passat GTE\" width=\"168\" height=\"100\" srcset=\"https:\/\/www.autolexicon.net\/obr_clanky\/cs_gte_007-168x100.jpg 168w, https:\/\/www.autolexicon.net\/obr_clanky\/cs_gte_007-250x149.jpg 250w, https:\/\/www.autolexicon.net\/obr_clanky\/cs_gte_007-768x458.jpg 768w, https:\/\/www.autolexicon.net\/obr_clanky\/cs_gte_007-600x358.jpg 600w, https:\/\/www.autolexicon.net\/obr_clanky\/cs_gte_007.jpg 1440w\" sizes=\"auto, (max-width: 168px) 100vw, 168px\" \/><\/a>&nbsp;&nbsp; <a href=\"http:\/\/www.autolexicon.net\/obr_clanky\/cs_gte_008.jpg\"><img loading=\"lazy\" decoding=\"async\" class=\"alignnone wp-image-6468 size-thumbnail\" title=\"VW Passat GTE\" src=\"http:\/\/www.autolexicon.net\/obr_clanky\/cs_gte_008-198x100.jpg\" alt=\"VW Passat GTE\" width=\"198\" height=\"100\" srcset=\"https:\/\/www.autolexicon.net\/obr_clanky\/cs_gte_008-198x100.jpg 198w, https:\/\/www.autolexicon.net\/obr_clanky\/cs_gte_008-250x126.jpg 250w, https:\/\/www.autolexicon.net\/obr_clanky\/cs_gte_008-768x388.jpg 768w, https:\/\/www.autolexicon.net\/obr_clanky\/cs_gte_008-600x303.jpg 600w, https:\/\/www.autolexicon.net\/obr_clanky\/cs_gte_008.jpg 1440w\" sizes=\"auto, (max-width: 198px) 100vw, 198px\" \/><\/a><\/p>\n<hr \/>\n<h2 style=\"text-align: justify;\"><span style=\"font-size: 12pt;\"><strong><span style=\"font-family: verdana, geneva, sans-serif;\">Technika Golfu GTE<\/span><\/strong><\/span><\/h2>\n<p style=\"text-align: justify;\"><span id=\"result_box\" class=\"\" lang=\"sk\" style=\"font-family: verdana,geneva,sans-serif; font-size: 10pt;\" tabindex=\"-1\"><span title=\"V p\u0159\u00edpad\u011b Golfu obn\u00e1\u0161\u00ed specifikace GTE plug-in hybridn\u00ed pohon s benz\u00ednov\u00fdm motorem 1.4 TSI s v\u00fdkonem 110kW jemu\u017e pom\u00e1h\u00e1 elektromotor s v\u00fdkonem 75 kW, to v\u0161e p\u0159en\u00e1\u0161\u00ed na vozovku \u0161estistup\u0148ov\u00e1 p\u0159evodovka DSG.\">V pr\u00edpade Golfu obn\u00e1\u0161a \u0161pecifik\u00e1cie GTE <strong><a href=\"http:\/\/www.autolexicon.net\/articles\/plug-in-hybrid\/\">plug-in hybridn\u00fd pohon<\/a><\/strong> s <strong>benz\u00ednov\u00fdm motorom 1.4 <a href=\"http:\/\/www.autolexicon.net\/articles\/tsi-twincharger-stratified-injection\/\">TSI<\/a><\/strong> s v\u00fdkonom 110kW ktor\u00e9mu pom\u00e1ha <strong>elektromotor s v\u00fdkonom 75 kW<\/strong>, to v\u0161etko pren\u00e1\u0161a na vozovku \u0161es\u0165stup\u0148ov\u00e1 prevodovka <a href=\"http:\/\/www.autolexicon.net\/articles\/prevodovka-dsg\/\">DSG<\/a>. <\/span><span title=\"Kombinovan\u00fd v\u00fdkon pak \u010din\u00ed 150 kW a Golfu prop\u016fj\u010duje maxim\u00e1ln\u00ed rychlost 222 km\/h, zrychlen\u00ed 0 -100 km\/h b\u011bhem 7,6 sekund.\">Kombinovan\u00fd v\u00fdkon potom \u010din\u00ed 150 kW a Golfu prepo\u017ei\u010diava <strong>maxim\u00e1lna r\u00fdchlos\u0165 222 km\/h, zr\u00fdchlenie 0-100 km\/h za 7,6 sekundy<\/strong>. <\/span><span title=\"To v\u0161e s katalogovou kombinovanou spot\u0159ebou 1,5 l\/100 km (snad nen\u00ed t\u0159eba komentovat re\u00e1lnost takov\u00e9ho \u00fadaje), katalogov\u00e9 emise CO2 \u010din\u00ed 35 g\/km p\u0159i elektrick\u00e9 j\u00edzd\u011b 0 g\/km (co\u017e nezohled\u0148uje fakt, \u017ee se elektrick\u00e1 energie musela n\u011bjak vyrobit\">To v\u0161etko s katal\u00f3gov\u00fa kombinovanou spotrebou 1,5 l\/100 km (sn\u00e1\u010f nie je potrebn\u00e9 komentova\u0165 re\u00e1lnos\u0165 tak\u00e9ho \u00fadaje), katal\u00f3gov\u00e9 emisie CO<sub>2<\/sub> je 35 g\/km pri elektrickej jazde 0 g\/km (\u010do nezoh\u013ead\u0148uje fakt, \u017ee sa elektrick\u00e1 energia musela nejako vyrobi\u0165 <\/span><span title=\"a do bateri\u00ed dopravit). \">a do bat\u00e9ri\u00ed dopravi\u0165).<\/span><\/span><\/p>\n<p style=\"text-align: justify;\"><span id=\"result_box\" class=\"\" lang=\"sk\" style=\"font-family: verdana,geneva,sans-serif; font-size: 10pt;\" tabindex=\"-1\"><span title=\"Synchronn\u00ed elektromotor \u010derp\u00e1 energii z lithium-iontov\u00fdch bateri\u00ed s kapacitou 8,7 kWh um\u00edst\u011bn\u00fdch pod podlahou.\">Synchr\u00f3nne elektromotor \u010derp\u00e1 energiu z l\u00edtium-i\u00f3nov\u00fdch bat\u00e9ri\u00ed s kapacitou 8,7 kWh umiestnen\u00fdch pod podlahou. <\/span><strong><span title=\"Akumul\u00e1tor se skl\u00e1d\u00e1 z 96 \u010dl\u00e1nk\u016f o celkov\u00e9 hmotnosti 120 kilogram\u016f.\">Akumul\u00e1tor sa sklad\u00e1 z 96 \u010dl\u00e1nkov o celkovej hmotnosti 120 kilogramov. <\/span><\/strong><span title=\"Tato z\u00e1t\u011b\u017e p\u0159isp\u00edv\u00e1 k nemal\u00e9 pohotovostn\u00ed hmotnosti 1.599 kilogram\u016f. \">T\u00e1to z\u00e1\u0165a\u017e prispieva k nemalej <a href=\"http:\/\/www.autolexicon.net\/articles\/pohotovostni-hmotnost\/\">pohotovostnej hmotnosti<\/a> 1.599 kilogramov.<\/span><\/span><\/p>\n<p><span style=\"font-family: verdana,geneva,sans-serif; font-size: 10pt;\"><span title=\"Nicm\u00e9n\u011b Golf GTE lze b\u011bhem 3,5 hodin dob\u00edjet z dom\u00e1c\u00ed elektrick\u00e9 z\u00e1suvky.\">Av\u0161ak Golf GTE mo\u017eno po\u010das 3,5 hod\u00edn dob\u00edja\u0165 z dom\u00e1cej elektrickej z\u00e1<span style=\"font-family: verdana,geneva,sans-serif; font-size: 10pt;\">suvky. <\/span><\/span>S nabit\u00fdmi bat\u00e9riami dok\u00e1\u017ee Golf GTE v \u010disto elektrickom re\u017eime prejs\u0165 a\u017e 50 kilometrov, <strong>celkov\u00fd dojazd auta sa tak pohybuje okolo 939 kilometrov<\/strong>.<\/span><\/p>\n<hr \/>\n<p><\/p>","protected":false},"excerpt":{"rendered":"<p>Skratka GT ozna\u010duje \u0161portovo laden\u00e9 hybridn\u00e9 vozidl\u00e1 automobilky Volkswagen.<\/p>\n","protected":false},"author":1,"featured_media":6466,"comment_status":"closed","ping_status":"open","sticky":false,"template":"","format":"standard","meta":{"colormag_page_container_layout":"default_layout","colormag_page_sidebar_layout":"default_layout","rop_custom_images_group":[],"rop_custom_messages_group":[],"rop_publish_now":"initial","rop_publish_now_accounts":{"facebook_10217573569066608_119527941460186":"","twitter_308591058_308591058":""},"rop_publish_now_history":[],"rop_publish_now_status":"pending","ngg_post_thumbnail":0,"two_page_speed":[],"footnotes":""},"categories":[1,1473,534,29],"tags":[1432,1299,574,575,1300,47,1409],"class_list":["post-6465","post","type-post","status-publish","format-standard","has-post-thumbnail","hentry","category-nezarazene","category-elektromobilita","category-oznaceni","category-zkratky-a-pojmy","tag-gt","tag-gte","tag-gti","tag-gran-turismo","tag-gran-turismo-electic","tag-volkswagen","tag-elektromobilita"],"yoast_head":"<!-- This site is optimized with the Yoast SEO plugin v27.4 - https:\/\/yoast.com\/product\/yoast-seo-wordpress\/ -->\n<title>GTE (Gran Turismo Electric) - autolexicon.net<\/title>\n<meta name=\"description\" content=\"Skratka GTE ozna\u010duje \u0161portovo laden\u00e9 hybridn\u00e9 vozidl\u00e1 automobilky Volkswagen.\" \/>\n<meta name=\"robots\" content=\"index, follow, max-snippet:-1, max-image-preview:large, max-video-preview:-1\" \/>\n<link rel=\"canonical\" href=\"https:\/\/www.autolexicon.net\/sk\/articles\/gte-gran-turismo-electric\/\" \/>\n<meta property=\"og:locale\" content=\"sk_SK\" \/>\n<meta property=\"og:type\" content=\"article\" \/>\n<meta property=\"og:title\" content=\"GTE (Gran Turismo Electric) - autolexicon.net\" \/>\n<meta property=\"og:description\" content=\"Skratka GTE ozna\u010duje \u0161portovo laden\u00e9 hybridn\u00e9 vozidl\u00e1 automobilky Volkswagen.\" \/>\n<meta property=\"og:url\" content=\"https:\/\/www.autolexicon.net\/sk\/articles\/gte-gran-turismo-electric\/\" \/>\n<meta property=\"og:site_name\" content=\"autolexicon.net\" \/>\n<meta property=\"article:publisher\" content=\"https:\/\/www.facebook.com\/autolexicon.net\" \/>\n<meta property=\"article:published_time\" content=\"2016-03-08T00:39:15+00:00\" \/>\n<meta property=\"article:modified_time\" content=\"2025-04-25T08:52:58+00:00\" \/>\n<meta property=\"og:image\" content=\"https:\/\/www.autolexicon.net\/obr_clanky\/cs_gte_002.jpg\" \/>\n\t<meta property=\"og:image:width\" content=\"1440\" \/>\n\t<meta property=\"og:image:height\" content=\"1080\" \/>\n\t<meta property=\"og:image:type\" content=\"image\/jpeg\" \/>\n<meta name=\"author\" content=\"Ing. Jan Sajdl, Ph.D.\" \/>\n<meta name=\"twitter:card\" content=\"summary_large_image\" \/>\n<meta name=\"twitter:creator\" content=\"@autolexiconnet\" \/>\n<meta name=\"twitter:site\" content=\"@autolexiconnet\" \/>\n<meta name=\"twitter:label1\" content=\"Autor\" \/>\n\t<meta name=\"twitter:data1\" content=\"Ing. Jan Sajdl, Ph.D.\" \/>\n\t<meta name=\"twitter:label2\" content=\"Predpokladan\u00fd \u010das \u010d\u00edtania\" \/>\n\t<meta name=\"twitter:data2\" content=\"4 min\u00faty\" \/>\n<script type=\"application\/ld+json\" class=\"yoast-schema-graph\">{\"@context\":\"https:\\\/\\\/schema.org\",\"@graph\":[{\"@type\":\"Article\",\"@id\":\"https:\\\/\\\/www.autolexicon.net\\\/articles\\\/gte-gran-turismo-electric\\\/#article\",\"isPartOf\":{\"@id\":\"https:\\\/\\\/www.autolexicon.net\\\/articles\\\/gte-gran-turismo-electric\\\/\"},\"author\":{\"name\":\"Ing. Jan Sajdl, Ph.D.\",\"@id\":\"https:\\\/\\\/www.autolexicon.net\\\/de\\\/#\\\/schema\\\/person\\\/feba94e934e2110b3fa58a851f9bf0e5\"},\"headline\":\"GTE (Gran Turismo Electric)\",\"datePublished\":\"2016-03-08T00:39:15+00:00\",\"dateModified\":\"2025-04-25T08:52:58+00:00\",\"mainEntityOfPage\":{\"@id\":\"https:\\\/\\\/www.autolexicon.net\\\/articles\\\/gte-gran-turismo-electric\\\/\"},\"wordCount\":1160,\"publisher\":{\"@id\":\"https:\\\/\\\/www.autolexicon.net\\\/de\\\/#organization\"},\"image\":{\"@id\":\"https:\\\/\\\/www.autolexicon.net\\\/articles\\\/gte-gran-turismo-electric\\\/#primaryimage\"},\"thumbnailUrl\":\"https:\\\/\\\/www.autolexicon.net\\\/obr_clanky\\\/cs_gte_002.jpg\",\"keywords\":[\"GT\",\"GTE\",\"GTI\",\"Gran Turismo\",\"Gran Turismo Electic\",\"Volkswagen\",\"elektromobilita\"],\"articleSection\":[\"=== V\u0161etko ===\",\"Elektromobilita\",\"Ozna\u010denie\",\"Skratky a pojmy\"],\"inLanguage\":\"sk-SK\"},{\"@type\":\"WebPage\",\"@id\":\"https:\\\/\\\/www.autolexicon.net\\\/sk\\\/articles\\\/gte-gran-turismo-electric\\\/\",\"url\":\"https:\\\/\\\/www.autolexicon.net\\\/sk\\\/articles\\\/gte-gran-turismo-electric\\\/\",\"name\":\"GTE (Gran Turismo Electric) - autolexicon.net\",\"isPartOf\":{\"@id\":\"https:\\\/\\\/www.autolexicon.net\\\/sk\\\/#website\"},\"primaryImageOfPage\":{\"@id\":\"https:\\\/\\\/www.autolexicon.net\\\/sk\\\/articles\\\/gte-gran-turismo-electric\\\/#primaryimage\"},\"image\":{\"@id\":\"https:\\\/\\\/www.autolexicon.net\\\/articles\\\/gte-gran-turismo-electric\\\/#primaryimage\"},\"thumbnailUrl\":\"https:\\\/\\\/www.autolexicon.net\\\/obr_clanky\\\/cs_gte_002.jpg\",\"datePublished\":\"2016-03-08T00:39:15+00:00\",\"dateModified\":\"2025-04-25T08:52:58+00:00\",\"description\":\"Skratka GTE ozna\u010duje \u0161portovo laden\u00e9 hybridn\u00e9 vozidl\u00e1 automobilky Volkswagen.\",\"breadcrumb\":{\"@id\":\"https:\\\/\\\/www.autolexicon.net\\\/sk\\\/articles\\\/gte-gran-turismo-electric\\\/#breadcrumb\"},\"inLanguage\":\"sk-SK\",\"potentialAction\":[{\"@type\":\"ReadAction\",\"target\":[[\"https:\\\/\\\/www.autolexicon.net\\\/sk\\\/articles\\\/gte-gran-turismo-electric\\\/\"]]}]},{\"@type\":\"ImageObject\",\"inLanguage\":\"sk-SK\",\"@id\":\"https:\\\/\\\/www.autolexicon.net\\\/sk\\\/articles\\\/gte-gran-turismo-electric\\\/#primaryimage\",\"url\":\"https:\\\/\\\/www.autolexicon.net\\\/obr_clanky\\\/cs_gte_002.jpg\",\"contentUrl\":\"https:\\\/\\\/www.autolexicon.net\\\/obr_clanky\\\/cs_gte_002.jpg\",\"width\":1440,\"height\":1080,\"caption\":\"VW Passat GTE\"},{\"@type\":\"BreadcrumbList\",\"@id\":\"https:\\\/\\\/www.autolexicon.net\\\/sk\\\/articles\\\/gte-gran-turismo-electric\\\/#breadcrumb\",\"itemListElement\":[{\"@type\":\"ListItem\",\"position\":1,\"name\":\"Dom\u016f\",\"item\":\"https:\\\/\\\/www.autolexicon.net\\\/sk\\\/\"},{\"@type\":\"ListItem\",\"position\":2,\"name\":\"GTE (Gran Turismo Electric)\"}]},{\"@type\":\"WebSite\",\"@id\":\"https:\\\/\\\/www.autolexicon.net\\\/sk\\\/#website\",\"url\":\"https:\\\/\\\/www.autolexicon.net\\\/sk\\\/\",\"name\":\"autolexicon.net\",\"description\":\"... s nami uvid\u00edte pod kapotu\",\"publisher\":{\"@id\":\"https:\\\/\\\/www.autolexicon.net\\\/sk\\\/#organization\"},\"potentialAction\":[{\"@type\":\"SearchAction\",\"target\":{\"@type\":\"EntryPoint\",\"urlTemplate\":\"https:\\\/\\\/www.autolexicon.net\\\/sk\\\/?s={search_term_string}\"},\"query-input\":{\"@type\":\"PropertyValueSpecification\",\"valueRequired\":true,\"valueName\":\"search_term_string\"}}],\"inLanguage\":\"sk-SK\"},{\"@type\":\"Organization\",\"@id\":\"https:\\\/\\\/www.autolexicon.net\\\/sk\\\/#organization\",\"name\":\"autolexicon.net\",\"url\":\"https:\\\/\\\/www.autolexicon.net\\\/sk\\\/\",\"logo\":{\"@type\":\"ImageObject\",\"inLanguage\":\"sk-SK\",\"@id\":\"https:\\\/\\\/www.autolexicon.net\\\/sk\\\/#\\\/schema\\\/logo\\\/image\\\/\",\"url\":\"https:\\\/\\\/www.autolexicon.net\\\/obr_clanky\\\/2024_logo___330x90px-2.png\",\"contentUrl\":\"https:\\\/\\\/www.autolexicon.net\\\/obr_clanky\\\/2024_logo___330x90px-2.png\",\"width\":328,\"height\":90,\"caption\":\"autolexicon.net\"},\"image\":{\"@id\":\"https:\\\/\\\/www.autolexicon.net\\\/sk\\\/#\\\/schema\\\/logo\\\/image\\\/\"},\"sameAs\":[\"https:\\\/\\\/www.facebook.com\\\/autolexicon.net\",\"https:\\\/\\\/x.com\\\/autolexiconnet\"]},{\"@type\":\"Person\",\"@id\":\"https:\\\/\\\/www.autolexicon.net\\\/de\\\/#\\\/schema\\\/person\\\/feba94e934e2110b3fa58a851f9bf0e5\",\"name\":\"Ing. Jan Sajdl, Ph.D.\",\"image\":{\"@type\":\"ImageObject\",\"inLanguage\":\"sk-SK\",\"@id\":\"https:\\\/\\\/secure.gravatar.com\\\/avatar\\\/70f1c2597d36a3d134d5e6f00bf72449593f8da593deacce372fe943f7708d0b?s=96&d=mm&r=g\",\"url\":\"https:\\\/\\\/secure.gravatar.com\\\/avatar\\\/70f1c2597d36a3d134d5e6f00bf72449593f8da593deacce372fe943f7708d0b?s=96&d=mm&r=g\",\"contentUrl\":\"https:\\\/\\\/secure.gravatar.com\\\/avatar\\\/70f1c2597d36a3d134d5e6f00bf72449593f8da593deacce372fe943f7708d0b?s=96&d=mm&r=g\",\"caption\":\"Ing. Jan Sajdl, Ph.D.\"},\"url\":\"https:\\\/\\\/www.autolexicon.net\\\/sk\\\/articles\\\/author\\\/rebel\\\/\"}]}<\/script>\n<!-- \/ Yoast SEO plugin. -->","yoast_head_json":{"title":"GTE (Gran Turismo Electric) - autolexicon.net","description":"Skratka GTE ozna\u010duje \u0161portovo laden\u00e9 hybridn\u00e9 vozidl\u00e1 automobilky Volkswagen.","robots":{"index":"index","follow":"follow","max-snippet":"max-snippet:-1","max-image-preview":"max-image-preview:large","max-video-preview":"max-video-preview:-1"},"canonical":"https:\/\/www.autolexicon.net\/sk\/articles\/gte-gran-turismo-electric\/","og_locale":"sk_SK","og_type":"article","og_title":"GTE (Gran Turismo Electric) - autolexicon.net","og_description":"Skratka GTE ozna\u010duje \u0161portovo laden\u00e9 hybridn\u00e9 vozidl\u00e1 automobilky Volkswagen.","og_url":"https:\/\/www.autolexicon.net\/sk\/articles\/gte-gran-turismo-electric\/","og_site_name":"autolexicon.net","article_publisher":"https:\/\/www.facebook.com\/autolexicon.net","article_published_time":"2016-03-08T00:39:15+00:00","article_modified_time":"2025-04-25T08:52:58+00:00","og_image":[{"width":1440,"height":1080,"url":"https:\/\/www.autolexicon.net\/obr_clanky\/cs_gte_002.jpg","type":"image\/jpeg"}],"author":"Ing. Jan Sajdl, Ph.D.","twitter_card":"summary_large_image","twitter_creator":"@autolexiconnet","twitter_site":"@autolexiconnet","twitter_misc":{"Autor":"Ing. Jan Sajdl, Ph.D.","Predpokladan\u00fd \u010das \u010d\u00edtania":"4 min\u00faty"},"schema":{"@context":"https:\/\/schema.org","@graph":[{"@type":"Article","@id":"https:\/\/www.autolexicon.net\/articles\/gte-gran-turismo-electric\/#article","isPartOf":{"@id":"https:\/\/www.autolexicon.net\/articles\/gte-gran-turismo-electric\/"},"author":{"name":"Ing. Jan Sajdl, Ph.D.","@id":"https:\/\/www.autolexicon.net\/de\/#\/schema\/person\/feba94e934e2110b3fa58a851f9bf0e5"},"headline":"GTE (Gran Turismo Electric)","datePublished":"2016-03-08T00:39:15+00:00","dateModified":"2025-04-25T08:52:58+00:00","mainEntityOfPage":{"@id":"https:\/\/www.autolexicon.net\/articles\/gte-gran-turismo-electric\/"},"wordCount":1160,"publisher":{"@id":"https:\/\/www.autolexicon.net\/de\/#organization"},"image":{"@id":"https:\/\/www.autolexicon.net\/articles\/gte-gran-turismo-electric\/#primaryimage"},"thumbnailUrl":"https:\/\/www.autolexicon.net\/obr_clanky\/cs_gte_002.jpg","keywords":["GT","GTE","GTI","Gran Turismo","Gran Turismo Electic","Volkswagen","elektromobilita"],"articleSection":["=== V\u0161etko ===","Elektromobilita","Ozna\u010denie","Skratky a pojmy"],"inLanguage":"sk-SK"},{"@type":"WebPage","@id":"https:\/\/www.autolexicon.net\/sk\/articles\/gte-gran-turismo-electric\/","url":"https:\/\/www.autolexicon.net\/sk\/articles\/gte-gran-turismo-electric\/","name":"GTE (Gran Turismo Electric) - autolexicon.net","isPartOf":{"@id":"https:\/\/www.autolexicon.net\/sk\/#website"},"primaryImageOfPage":{"@id":"https:\/\/www.autolexicon.net\/sk\/articles\/gte-gran-turismo-electric\/#primaryimage"},"image":{"@id":"https:\/\/www.autolexicon.net\/articles\/gte-gran-turismo-electric\/#primaryimage"},"thumbnailUrl":"https:\/\/www.autolexicon.net\/obr_clanky\/cs_gte_002.jpg","datePublished":"2016-03-08T00:39:15+00:00","dateModified":"2025-04-25T08:52:58+00:00","description":"Skratka GTE ozna\u010duje \u0161portovo laden\u00e9 hybridn\u00e9 vozidl\u00e1 automobilky Volkswagen.","breadcrumb":{"@id":"https:\/\/www.autolexicon.net\/sk\/articles\/gte-gran-turismo-electric\/#breadcrumb"},"inLanguage":"sk-SK","potentialAction":[{"@type":"ReadAction","target":[["https:\/\/www.autolexicon.net\/sk\/articles\/gte-gran-turismo-electric\/"]]}]},{"@type":"ImageObject","inLanguage":"sk-SK","@id":"https:\/\/www.autolexicon.net\/sk\/articles\/gte-gran-turismo-electric\/#primaryimage","url":"https:\/\/www.autolexicon.net\/obr_clanky\/cs_gte_002.jpg","contentUrl":"https:\/\/www.autolexicon.net\/obr_clanky\/cs_gte_002.jpg","width":1440,"height":1080,"caption":"VW Passat GTE"},{"@type":"BreadcrumbList","@id":"https:\/\/www.autolexicon.net\/sk\/articles\/gte-gran-turismo-electric\/#breadcrumb","itemListElement":[{"@type":"ListItem","position":1,"name":"Dom\u016f","item":"https:\/\/www.autolexicon.net\/sk\/"},{"@type":"ListItem","position":2,"name":"GTE (Gran Turismo Electric)"}]},{"@type":"WebSite","@id":"https:\/\/www.autolexicon.net\/sk\/#website","url":"https:\/\/www.autolexicon.net\/sk\/","name":"autolexicon.net","description":"... s nami uvid\u00edte pod kapotu","publisher":{"@id":"https:\/\/www.autolexicon.net\/sk\/#organization"},"potentialAction":[{"@type":"SearchAction","target":{"@type":"EntryPoint","urlTemplate":"https:\/\/www.autolexicon.net\/sk\/?s={search_term_string}"},"query-input":{"@type":"PropertyValueSpecification","valueRequired":true,"valueName":"search_term_string"}}],"inLanguage":"sk-SK"},{"@type":"Organization","@id":"https:\/\/www.autolexicon.net\/sk\/#organization","name":"autolexicon.net","url":"https:\/\/www.autolexicon.net\/sk\/","logo":{"@type":"ImageObject","inLanguage":"sk-SK","@id":"https:\/\/www.autolexicon.net\/sk\/#\/schema\/logo\/image\/","url":"https:\/\/www.autolexicon.net\/obr_clanky\/2024_logo___330x90px-2.png","contentUrl":"https:\/\/www.autolexicon.net\/obr_clanky\/2024_logo___330x90px-2.png","width":328,"height":90,"caption":"autolexicon.net"},"image":{"@id":"https:\/\/www.autolexicon.net\/sk\/#\/schema\/logo\/image\/"},"sameAs":["https:\/\/www.facebook.com\/autolexicon.net","https:\/\/x.com\/autolexiconnet"]},{"@type":"Person","@id":"https:\/\/www.autolexicon.net\/de\/#\/schema\/person\/feba94e934e2110b3fa58a851f9bf0e5","name":"Ing. Jan Sajdl, Ph.D.","image":{"@type":"ImageObject","inLanguage":"sk-SK","@id":"https:\/\/secure.gravatar.com\/avatar\/70f1c2597d36a3d134d5e6f00bf72449593f8da593deacce372fe943f7708d0b?s=96&d=mm&r=g","url":"https:\/\/secure.gravatar.com\/avatar\/70f1c2597d36a3d134d5e6f00bf72449593f8da593deacce372fe943f7708d0b?s=96&d=mm&r=g","contentUrl":"https:\/\/secure.gravatar.com\/avatar\/70f1c2597d36a3d134d5e6f00bf72449593f8da593deacce372fe943f7708d0b?s=96&d=mm&r=g","caption":"Ing. Jan Sajdl, Ph.D."},"url":"https:\/\/www.autolexicon.net\/sk\/articles\/author\/rebel\/"}]}},"_links":{"self":[{"href":"https:\/\/www.autolexicon.net\/sk\/wp-json\/wp\/v2\/posts\/6465","targetHints":{"allow":["GET"]}}],"collection":[{"href":"https:\/\/www.autolexicon.net\/sk\/wp-json\/wp\/v2\/posts"}],"about":[{"href":"https:\/\/www.autolexicon.net\/sk\/wp-json\/wp\/v2\/types\/post"}],"author":[{"embeddable":true,"href":"https:\/\/www.autolexicon.net\/sk\/wp-json\/wp\/v2\/users\/1"}],"replies":[{"embeddable":true,"href":"https:\/\/www.autolexicon.net\/sk\/wp-json\/wp\/v2\/comments?post=6465"}],"version-history":[{"count":1,"href":"https:\/\/www.autolexicon.net\/sk\/wp-json\/wp\/v2\/posts\/6465\/revisions"}],"predecessor-version":[{"id":11338,"href":"https:\/\/www.autolexicon.net\/sk\/wp-json\/wp\/v2\/posts\/6465\/revisions\/11338"}],"wp:featuredmedia":[{"embeddable":true,"href":"https:\/\/www.autolexicon.net\/sk\/wp-json\/wp\/v2\/media\/6466"}],"wp:attachment":[{"href":"https:\/\/www.autolexicon.net\/sk\/wp-json\/wp\/v2\/media?parent=6465"}],"wp:term":[{"taxonomy":"category","embeddable":true,"href":"https:\/\/www.autolexicon.net\/sk\/wp-json\/wp\/v2\/categories?post=6465"},{"taxonomy":"post_tag","embeddable":true,"href":"https:\/\/www.autolexicon.net\/sk\/wp-json\/wp\/v2\/tags?post=6465"}],"curies":[{"name":"wp","href":"https:\/\/api.w.org\/{rel}","templated":true}]}}