{"id":894,"date":"2011-03-30T14:08:37","date_gmt":"2011-03-30T14:08:37","guid":{"rendered":"http:\/\/wordpress.autolexicon.net\/?p=894"},"modified":"2021-01-25T20:37:44","modified_gmt":"2021-01-25T20:37:44","slug":"atermicke-celni-sklo","status":"publish","type":"post","link":"https:\/\/www.autolexicon.net\/sk\/articles\/atermicke-celni-sklo\/","title":{"rendered":"Atermick\u00e9 \u010deln\u00ed sklo"},"content":{"rendered":"<p class=\"qtranxs-available-languages-message qtranxs-available-languages-message-sk\">Tento pr\u00edspevok nie je dostupn\u00fd v slovenskom jazyku. Dostupn\u00e9 jazyky s\u00fa: <a href=\"https:\/\/www.autolexicon.net\/cs\/wp-json\/wp\/v2\/posts\/894\" class=\"qtranxs-available-language-link qtranxs-available-language-link-cs\" title=\"\u010cesky\">\u010cesky<\/a>.<\/p>","protected":false},"excerpt":{"rendered":"<p>Atermick\u00e9 \u010deln\u00ed sklo, \u010dili \u010deln\u00ed sklo s reflexn\u00ed vrstvou, p\u0159isp\u00edv\u00e1 ke sn\u00ed\u017een\u00ed teploty uvnit\u0159 vozu. Mezi dv\u011b vrstvy lepen\u00e9ho \u010deln\u00edho skla je vlo\u017een\u00e1 velmi tenk\u00e1 metalick\u00e1 f\u00f3lie. D\u00edky t\u00e9to f\u00f3lii se odr\u00e1\u017e\u00ed infra\u010derven\u00e1 slo\u017eka slune\u010dn\u00edho z\u00e1\u0159en\u00ed. Tato neviditeln\u00e1 slo\u017eka slune\u010dn\u00edho z\u00e1\u0159en\u00ed zp\u016fsobuje oh\u0159\u00edv\u00e1n\u00ed t\u011bles, p\u0159edev\u0161\u00edm cestuj\u00edc\u00edch na p\u0159edn\u00edch sedadlech a p\u0159\u00edstrojov\u00e9 desky.<\/p>\n","protected":false},"author":1,"featured_media":1639,"comment_status":"closed","ping_status":"open","sticky":false,"template":"","format":"standard","meta":{"colormag_page_container_layout":"default_layout","colormag_page_sidebar_layout":"default_layout","rop_custom_images_group":[],"rop_custom_messages_group":[],"rop_publish_now":"initial","rop_publish_now_accounts":{"facebook_10217573569066608_119527941460186":"","twitter_308591058_308591058":""},"rop_publish_now_history":[],"rop_publish_now_status":"pending","ngg_post_thumbnail":0,"two_page_speed":[],"footnotes":""},"categories":[1,6,29,4],"tags":[174,178,176,177,175,179,173],"class_list":["post-894","post","type-post","status-publish","format-standard","has-post-thumbnail","hentry","category-nezarazene","category-karoserie","category-zkratky-a-pojmy","category-casti-automobilu","tag-atermicke-sklo","tag-athermic","tag-infracervene-zareni","tag-odraz","tag-reflexni-vrstva","tag-windscreen","tag-celni-sklo"],"yoast_head":"<!-- This site is optimized with the Yoast SEO plugin v27.4 - https:\/\/yoast.com\/product\/yoast-seo-wordpress\/ -->\n<title>Atermick\u00e9 \u010deln\u00ed sklo - autolexicon.net<\/title>\n<meta name=\"robots\" content=\"index, follow, max-snippet:-1, max-image-preview:large, max-video-preview:-1\" \/>\n<link rel=\"canonical\" href=\"https:\/\/www.autolexicon.net\/sk\/articles\/atermicke-celni-sklo\/\" \/>\n<meta property=\"og:locale\" content=\"sk_SK\" \/>\n<meta property=\"og:type\" content=\"article\" \/>\n<meta property=\"og:title\" content=\"Atermick\u00e9 \u010deln\u00ed sklo - autolexicon.net\" \/>\n<meta property=\"og:description\" content=\"Atermick\u00e9 \u010deln\u00ed sklo, \u010dili \u010deln\u00ed sklo s reflexn\u00ed vrstvou, p\u0159isp\u00edv\u00e1 ke sn\u00ed\u017een\u00ed teploty uvnit\u0159 vozu. Mezi dv\u011b vrstvy lepen\u00e9ho \u010deln\u00edho skla je vlo\u017een\u00e1 velmi tenk\u00e1 metalick\u00e1 f\u00f3lie. D\u00edky t\u00e9to f\u00f3lii se odr\u00e1\u017e\u00ed infra\u010derven\u00e1 slo\u017eka slune\u010dn\u00edho z\u00e1\u0159en\u00ed. Tato neviditeln\u00e1 slo\u017eka slune\u010dn\u00edho z\u00e1\u0159en\u00ed zp\u016fsobuje oh\u0159\u00edv\u00e1n\u00ed t\u011bles, p\u0159edev\u0161\u00edm cestuj\u00edc\u00edch na p\u0159edn\u00edch sedadlech a p\u0159\u00edstrojov\u00e9 desky.\" \/>\n<meta property=\"og:url\" content=\"https:\/\/www.autolexicon.net\/sk\/articles\/atermicke-celni-sklo\/\" \/>\n<meta property=\"og:site_name\" content=\"autolexicon.net\" \/>\n<meta property=\"article:publisher\" content=\"https:\/\/www.facebook.com\/autolexicon.net\" \/>\n<meta property=\"article:published_time\" content=\"2011-03-30T14:08:37+00:00\" \/>\n<meta property=\"article:modified_time\" content=\"2021-01-25T20:37:44+00:00\" \/>\n<meta property=\"og:image\" content=\"https:\/\/www.autolexicon.net\/obr_clanky\/cs_sun_safe_glass_001.jpg\" \/>\n\t<meta property=\"og:image:width\" content=\"348\" \/>\n\t<meta property=\"og:image:height\" content=\"174\" \/>\n\t<meta property=\"og:image:type\" content=\"image\/jpeg\" \/>\n<meta name=\"author\" content=\"Ing. Jan Sajdl, Ph.D.\" \/>\n<meta name=\"twitter:card\" content=\"summary_large_image\" \/>\n<meta name=\"twitter:creator\" content=\"@autolexiconnet\" \/>\n<meta name=\"twitter:site\" content=\"@autolexiconnet\" \/>\n<meta name=\"twitter:label1\" content=\"Autor\" \/>\n\t<meta name=\"twitter:data1\" content=\"Ing. Jan Sajdl, Ph.D.\" \/>\n\t<meta name=\"twitter:label2\" content=\"Predpokladan\u00fd \u010das \u010d\u00edtania\" \/>\n\t<meta name=\"twitter:data2\" content=\"1 min\u00fata\" \/>\n<script type=\"application\/ld+json\" class=\"yoast-schema-graph\">{\"@context\":\"https:\\\/\\\/schema.org\",\"@graph\":[{\"@type\":\"Article\",\"@id\":\"https:\\\/\\\/www.autolexicon.net\\\/articles\\\/atermicke-celni-sklo\\\/#article\",\"isPartOf\":{\"@id\":\"https:\\\/\\\/www.autolexicon.net\\\/articles\\\/atermicke-celni-sklo\\\/\"},\"author\":{\"name\":\"Ing. Jan Sajdl, Ph.D.\",\"@id\":\"https:\\\/\\\/www.autolexicon.net\\\/de\\\/#\\\/schema\\\/person\\\/feba94e934e2110b3fa58a851f9bf0e5\"},\"headline\":\"Atermick\u00e9 \u010deln\u00ed sklo\",\"datePublished\":\"2011-03-30T14:08:37+00:00\",\"dateModified\":\"2021-01-25T20:37:44+00:00\",\"mainEntityOfPage\":{\"@id\":\"https:\\\/\\\/www.autolexicon.net\\\/articles\\\/atermicke-celni-sklo\\\/\"},\"wordCount\":292,\"publisher\":{\"@id\":\"https:\\\/\\\/www.autolexicon.net\\\/de\\\/#organization\"},\"image\":{\"@id\":\"https:\\\/\\\/www.autolexicon.net\\\/articles\\\/atermicke-celni-sklo\\\/#primaryimage\"},\"thumbnailUrl\":\"https:\\\/\\\/www.autolexicon.net\\\/obr_clanky\\\/cs_sun_safe_glass_001.jpg\",\"keywords\":[\"atermick\u00e9 sklo\",\"athermic\",\"infra\u010derven\u00e9 z\u00e1\u0159en\u00ed\",\"odraz\",\"reflexn\u00ed vrstva\",\"windscreen\",\"\u010deln\u00ed sklo\"],\"articleSection\":[\"=== V\u0161etko ===\",\"Karos\u00e9rie\",\"Skratky a pojmy\",\"\u010casti automobilu\"],\"inLanguage\":\"sk-SK\"},{\"@type\":\"WebPage\",\"@id\":\"https:\\\/\\\/www.autolexicon.net\\\/sk\\\/articles\\\/atermicke-celni-sklo\\\/\",\"url\":\"https:\\\/\\\/www.autolexicon.net\\\/sk\\\/articles\\\/atermicke-celni-sklo\\\/\",\"name\":\"Atermick\u00e9 \u010deln\u00ed sklo - autolexicon.net\",\"isPartOf\":{\"@id\":\"https:\\\/\\\/www.autolexicon.net\\\/sk\\\/#website\"},\"primaryImageOfPage\":{\"@id\":\"https:\\\/\\\/www.autolexicon.net\\\/sk\\\/articles\\\/atermicke-celni-sklo\\\/#primaryimage\"},\"image\":{\"@id\":\"https:\\\/\\\/www.autolexicon.net\\\/articles\\\/atermicke-celni-sklo\\\/#primaryimage\"},\"thumbnailUrl\":\"https:\\\/\\\/www.autolexicon.net\\\/obr_clanky\\\/cs_sun_safe_glass_001.jpg\",\"datePublished\":\"2011-03-30T14:08:37+00:00\",\"dateModified\":\"2021-01-25T20:37:44+00:00\",\"breadcrumb\":{\"@id\":\"https:\\\/\\\/www.autolexicon.net\\\/sk\\\/articles\\\/atermicke-celni-sklo\\\/#breadcrumb\"},\"inLanguage\":\"sk-SK\",\"potentialAction\":[{\"@type\":\"ReadAction\",\"target\":[[\"https:\\\/\\\/www.autolexicon.net\\\/sk\\\/articles\\\/atermicke-celni-sklo\\\/\"]]}]},{\"@type\":\"ImageObject\",\"inLanguage\":\"sk-SK\",\"@id\":\"https:\\\/\\\/www.autolexicon.net\\\/sk\\\/articles\\\/atermicke-celni-sklo\\\/#primaryimage\",\"url\":\"https:\\\/\\\/www.autolexicon.net\\\/obr_clanky\\\/cs_sun_safe_glass_001.jpg\",\"contentUrl\":\"https:\\\/\\\/www.autolexicon.net\\\/obr_clanky\\\/cs_sun_safe_glass_001.jpg\",\"width\":\"348\",\"height\":\"174\"},{\"@type\":\"BreadcrumbList\",\"@id\":\"https:\\\/\\\/www.autolexicon.net\\\/sk\\\/articles\\\/atermicke-celni-sklo\\\/#breadcrumb\",\"itemListElement\":[{\"@type\":\"ListItem\",\"position\":1,\"name\":\"Dom\u016f\",\"item\":\"https:\\\/\\\/www.autolexicon.net\\\/sk\\\/\"},{\"@type\":\"ListItem\",\"position\":2,\"name\":\"Atermick\u00e9 \u010deln\u00ed sklo\"}]},{\"@type\":\"WebSite\",\"@id\":\"https:\\\/\\\/www.autolexicon.net\\\/sk\\\/#website\",\"url\":\"https:\\\/\\\/www.autolexicon.net\\\/sk\\\/\",\"name\":\"autolexicon.net\",\"description\":\"... s nami uvid\u00edte pod kapotu\",\"publisher\":{\"@id\":\"https:\\\/\\\/www.autolexicon.net\\\/sk\\\/#organization\"},\"potentialAction\":[{\"@type\":\"SearchAction\",\"target\":{\"@type\":\"EntryPoint\",\"urlTemplate\":\"https:\\\/\\\/www.autolexicon.net\\\/sk\\\/?s={search_term_string}\"},\"query-input\":{\"@type\":\"PropertyValueSpecification\",\"valueRequired\":true,\"valueName\":\"search_term_string\"}}],\"inLanguage\":\"sk-SK\"},{\"@type\":\"Organization\",\"@id\":\"https:\\\/\\\/www.autolexicon.net\\\/sk\\\/#organization\",\"name\":\"autolexicon.net\",\"url\":\"https:\\\/\\\/www.autolexicon.net\\\/sk\\\/\",\"logo\":{\"@type\":\"ImageObject\",\"inLanguage\":\"sk-SK\",\"@id\":\"https:\\\/\\\/www.autolexicon.net\\\/sk\\\/#\\\/schema\\\/logo\\\/image\\\/\",\"url\":\"https:\\\/\\\/www.autolexicon.net\\\/obr_clanky\\\/2024_logo___330x90px-2.png\",\"contentUrl\":\"https:\\\/\\\/www.autolexicon.net\\\/obr_clanky\\\/2024_logo___330x90px-2.png\",\"width\":328,\"height\":90,\"caption\":\"autolexicon.net\"},\"image\":{\"@id\":\"https:\\\/\\\/www.autolexicon.net\\\/sk\\\/#\\\/schema\\\/logo\\\/image\\\/\"},\"sameAs\":[\"https:\\\/\\\/www.facebook.com\\\/autolexicon.net\",\"https:\\\/\\\/x.com\\\/autolexiconnet\"]},{\"@type\":\"Person\",\"@id\":\"https:\\\/\\\/www.autolexicon.net\\\/de\\\/#\\\/schema\\\/person\\\/feba94e934e2110b3fa58a851f9bf0e5\",\"name\":\"Ing. Jan Sajdl, Ph.D.\",\"image\":{\"@type\":\"ImageObject\",\"inLanguage\":\"sk-SK\",\"@id\":\"https:\\\/\\\/secure.gravatar.com\\\/avatar\\\/70f1c2597d36a3d134d5e6f00bf72449593f8da593deacce372fe943f7708d0b?s=96&d=mm&r=g\",\"url\":\"https:\\\/\\\/secure.gravatar.com\\\/avatar\\\/70f1c2597d36a3d134d5e6f00bf72449593f8da593deacce372fe943f7708d0b?s=96&d=mm&r=g\",\"contentUrl\":\"https:\\\/\\\/secure.gravatar.com\\\/avatar\\\/70f1c2597d36a3d134d5e6f00bf72449593f8da593deacce372fe943f7708d0b?s=96&d=mm&r=g\",\"caption\":\"Ing. Jan Sajdl, Ph.D.\"},\"url\":\"https:\\\/\\\/www.autolexicon.net\\\/sk\\\/articles\\\/author\\\/rebel\\\/\"}]}<\/script>\n<!-- \/ Yoast SEO plugin. -->","yoast_head_json":{"title":"Atermick\u00e9 \u010deln\u00ed sklo - autolexicon.net","robots":{"index":"index","follow":"follow","max-snippet":"max-snippet:-1","max-image-preview":"max-image-preview:large","max-video-preview":"max-video-preview:-1"},"canonical":"https:\/\/www.autolexicon.net\/sk\/articles\/atermicke-celni-sklo\/","og_locale":"sk_SK","og_type":"article","og_title":"Atermick\u00e9 \u010deln\u00ed sklo - autolexicon.net","og_description":"Atermick\u00e9 \u010deln\u00ed sklo, \u010dili \u010deln\u00ed sklo s reflexn\u00ed vrstvou, p\u0159isp\u00edv\u00e1 ke sn\u00ed\u017een\u00ed teploty uvnit\u0159 vozu. Mezi dv\u011b vrstvy lepen\u00e9ho \u010deln\u00edho skla je vlo\u017een\u00e1 velmi tenk\u00e1 metalick\u00e1 f\u00f3lie. D\u00edky t\u00e9to f\u00f3lii se odr\u00e1\u017e\u00ed infra\u010derven\u00e1 slo\u017eka slune\u010dn\u00edho z\u00e1\u0159en\u00ed. Tato neviditeln\u00e1 slo\u017eka slune\u010dn\u00edho z\u00e1\u0159en\u00ed zp\u016fsobuje oh\u0159\u00edv\u00e1n\u00ed t\u011bles, p\u0159edev\u0161\u00edm cestuj\u00edc\u00edch na p\u0159edn\u00edch sedadlech a p\u0159\u00edstrojov\u00e9 desky.","og_url":"https:\/\/www.autolexicon.net\/sk\/articles\/atermicke-celni-sklo\/","og_site_name":"autolexicon.net","article_publisher":"https:\/\/www.facebook.com\/autolexicon.net","article_published_time":"2011-03-30T14:08:37+00:00","article_modified_time":"2021-01-25T20:37:44+00:00","og_image":[{"width":348,"height":174,"url":"https:\/\/www.autolexicon.net\/obr_clanky\/cs_sun_safe_glass_001.jpg","type":"image\/jpeg"}],"author":"Ing. Jan Sajdl, Ph.D.","twitter_card":"summary_large_image","twitter_creator":"@autolexiconnet","twitter_site":"@autolexiconnet","twitter_misc":{"Autor":"Ing. Jan Sajdl, Ph.D.","Predpokladan\u00fd \u010das \u010d\u00edtania":"1 min\u00fata"},"schema":{"@context":"https:\/\/schema.org","@graph":[{"@type":"Article","@id":"https:\/\/www.autolexicon.net\/articles\/atermicke-celni-sklo\/#article","isPartOf":{"@id":"https:\/\/www.autolexicon.net\/articles\/atermicke-celni-sklo\/"},"author":{"name":"Ing. Jan Sajdl, Ph.D.","@id":"https:\/\/www.autolexicon.net\/de\/#\/schema\/person\/feba94e934e2110b3fa58a851f9bf0e5"},"headline":"Atermick\u00e9 \u010deln\u00ed sklo","datePublished":"2011-03-30T14:08:37+00:00","dateModified":"2021-01-25T20:37:44+00:00","mainEntityOfPage":{"@id":"https:\/\/www.autolexicon.net\/articles\/atermicke-celni-sklo\/"},"wordCount":292,"publisher":{"@id":"https:\/\/www.autolexicon.net\/de\/#organization"},"image":{"@id":"https:\/\/www.autolexicon.net\/articles\/atermicke-celni-sklo\/#primaryimage"},"thumbnailUrl":"https:\/\/www.autolexicon.net\/obr_clanky\/cs_sun_safe_glass_001.jpg","keywords":["atermick\u00e9 sklo","athermic","infra\u010derven\u00e9 z\u00e1\u0159en\u00ed","odraz","reflexn\u00ed vrstva","windscreen","\u010deln\u00ed sklo"],"articleSection":["=== V\u0161etko ===","Karos\u00e9rie","Skratky a pojmy","\u010casti automobilu"],"inLanguage":"sk-SK"},{"@type":"WebPage","@id":"https:\/\/www.autolexicon.net\/sk\/articles\/atermicke-celni-sklo\/","url":"https:\/\/www.autolexicon.net\/sk\/articles\/atermicke-celni-sklo\/","name":"Atermick\u00e9 \u010deln\u00ed sklo - autolexicon.net","isPartOf":{"@id":"https:\/\/www.autolexicon.net\/sk\/#website"},"primaryImageOfPage":{"@id":"https:\/\/www.autolexicon.net\/sk\/articles\/atermicke-celni-sklo\/#primaryimage"},"image":{"@id":"https:\/\/www.autolexicon.net\/articles\/atermicke-celni-sklo\/#primaryimage"},"thumbnailUrl":"https:\/\/www.autolexicon.net\/obr_clanky\/cs_sun_safe_glass_001.jpg","datePublished":"2011-03-30T14:08:37+00:00","dateModified":"2021-01-25T20:37:44+00:00","breadcrumb":{"@id":"https:\/\/www.autolexicon.net\/sk\/articles\/atermicke-celni-sklo\/#breadcrumb"},"inLanguage":"sk-SK","potentialAction":[{"@type":"ReadAction","target":[["https:\/\/www.autolexicon.net\/sk\/articles\/atermicke-celni-sklo\/"]]}]},{"@type":"ImageObject","inLanguage":"sk-SK","@id":"https:\/\/www.autolexicon.net\/sk\/articles\/atermicke-celni-sklo\/#primaryimage","url":"https:\/\/www.autolexicon.net\/obr_clanky\/cs_sun_safe_glass_001.jpg","contentUrl":"https:\/\/www.autolexicon.net\/obr_clanky\/cs_sun_safe_glass_001.jpg","width":"348","height":"174"},{"@type":"BreadcrumbList","@id":"https:\/\/www.autolexicon.net\/sk\/articles\/atermicke-celni-sklo\/#breadcrumb","itemListElement":[{"@type":"ListItem","position":1,"name":"Dom\u016f","item":"https:\/\/www.autolexicon.net\/sk\/"},{"@type":"ListItem","position":2,"name":"Atermick\u00e9 \u010deln\u00ed sklo"}]},{"@type":"WebSite","@id":"https:\/\/www.autolexicon.net\/sk\/#website","url":"https:\/\/www.autolexicon.net\/sk\/","name":"autolexicon.net","description":"... s nami uvid\u00edte pod kapotu","publisher":{"@id":"https:\/\/www.autolexicon.net\/sk\/#organization"},"potentialAction":[{"@type":"SearchAction","target":{"@type":"EntryPoint","urlTemplate":"https:\/\/www.autolexicon.net\/sk\/?s={search_term_string}"},"query-input":{"@type":"PropertyValueSpecification","valueRequired":true,"valueName":"search_term_string"}}],"inLanguage":"sk-SK"},{"@type":"Organization","@id":"https:\/\/www.autolexicon.net\/sk\/#organization","name":"autolexicon.net","url":"https:\/\/www.autolexicon.net\/sk\/","logo":{"@type":"ImageObject","inLanguage":"sk-SK","@id":"https:\/\/www.autolexicon.net\/sk\/#\/schema\/logo\/image\/","url":"https:\/\/www.autolexicon.net\/obr_clanky\/2024_logo___330x90px-2.png","contentUrl":"https:\/\/www.autolexicon.net\/obr_clanky\/2024_logo___330x90px-2.png","width":328,"height":90,"caption":"autolexicon.net"},"image":{"@id":"https:\/\/www.autolexicon.net\/sk\/#\/schema\/logo\/image\/"},"sameAs":["https:\/\/www.facebook.com\/autolexicon.net","https:\/\/x.com\/autolexiconnet"]},{"@type":"Person","@id":"https:\/\/www.autolexicon.net\/de\/#\/schema\/person\/feba94e934e2110b3fa58a851f9bf0e5","name":"Ing. Jan Sajdl, Ph.D.","image":{"@type":"ImageObject","inLanguage":"sk-SK","@id":"https:\/\/secure.gravatar.com\/avatar\/70f1c2597d36a3d134d5e6f00bf72449593f8da593deacce372fe943f7708d0b?s=96&d=mm&r=g","url":"https:\/\/secure.gravatar.com\/avatar\/70f1c2597d36a3d134d5e6f00bf72449593f8da593deacce372fe943f7708d0b?s=96&d=mm&r=g","contentUrl":"https:\/\/secure.gravatar.com\/avatar\/70f1c2597d36a3d134d5e6f00bf72449593f8da593deacce372fe943f7708d0b?s=96&d=mm&r=g","caption":"Ing. Jan Sajdl, Ph.D."},"url":"https:\/\/www.autolexicon.net\/sk\/articles\/author\/rebel\/"}]}},"_links":{"self":[{"href":"https:\/\/www.autolexicon.net\/sk\/wp-json\/wp\/v2\/posts\/894","targetHints":{"allow":["GET"]}}],"collection":[{"href":"https:\/\/www.autolexicon.net\/sk\/wp-json\/wp\/v2\/posts"}],"about":[{"href":"https:\/\/www.autolexicon.net\/sk\/wp-json\/wp\/v2\/types\/post"}],"author":[{"embeddable":true,"href":"https:\/\/www.autolexicon.net\/sk\/wp-json\/wp\/v2\/users\/1"}],"replies":[{"embeddable":true,"href":"https:\/\/www.autolexicon.net\/sk\/wp-json\/wp\/v2\/comments?post=894"}],"version-history":[{"count":0,"href":"https:\/\/www.autolexicon.net\/sk\/wp-json\/wp\/v2\/posts\/894\/revisions"}],"wp:featuredmedia":[{"embeddable":true,"href":"https:\/\/www.autolexicon.net\/sk\/wp-json\/wp\/v2\/media\/1639"}],"wp:attachment":[{"href":"https:\/\/www.autolexicon.net\/sk\/wp-json\/wp\/v2\/media?parent=894"}],"wp:term":[{"taxonomy":"category","embeddable":true,"href":"https:\/\/www.autolexicon.net\/sk\/wp-json\/wp\/v2\/categories?post=894"},{"taxonomy":"post_tag","embeddable":true,"href":"https:\/\/www.autolexicon.net\/sk\/wp-json\/wp\/v2\/tags?post=894"}],"curies":[{"name":"wp","href":"https:\/\/api.w.org\/{rel}","templated":true}]}}